{"id":7533,"date":"2017-10-20T00:52:18","date_gmt":"2017-10-19T22:52:18","guid":{"rendered":"http:\/\/www.voltigieren-rathsberg.de\/wp\/?p=7533"},"modified":"2017-10-22T13:05:24","modified_gmt":"2017-10-22T11:05:24","slug":"deister-%e2%80%a0-11-10-2017","status":"publish","type":"post","link":"https:\/\/www.voltigieren-rathsberg.de\/wp\/deister-%e2%80%a0-11-10-2017\/","title":{"rendered":"Deister \u2020 11.10.2017"},"content":{"rendered":"<p><span class=\"fusion-dropcap dropcap\">W<\/span>ir melden uns heute mit einer sehr traurigen Nachricht. Am 11.10.2017 ist leider unser treuer Deister in den Pferdehimmel galoppiert. Nachdem er in letzter Zeit eine Hufentz\u00fcndung auskurieren musste, bekam er am Nachmittag des 10.10. eine leichte Kolik. Nach Rufen des Tierarztes und viel Pflege ging es ihm dann am sp\u00e4ten Abend wieder besser, er fra\u00df und \u00e4pfelte. Auch gegen Mitternacht wirkte er ganz normal und entspannt. Leider hat er es trotzdem nicht bis zum n\u00e4chsten Morgen geschafft.<\/p>\n<p>Dieses ganz besondere Pferd musste in seinem Leben leider einige T\u00e4ler durchleben. So hatte er immer wieder Probleme mit seiner Verdauung und musste sogar zweimal wegen jeweils schweren Koliken operiert werden. Auch einen schlimmen H\u00e4ngerunfall \u00fcberlebte er wie durch ein Wunder damals \u00e4u\u00dferlich nahezu unverletzt. All diese T\u00e4ler haben aber nat\u00fcrlich Spuren an ihm hinterlassen, er k\u00e4mpfte sich aber immer wieder zur\u00fcck und gab niemals auf.<br \/>\nUmso dankbarer sind wir, dass er trotz allem so wahnsinnig zuverl\u00e4ssig und leidenschaftlich gerne f\u00fcr seine Voltis lief:<br \/>\nIm November 2007 kam Deister mit 10 Jahren zu uns. Erste Voltiversuche hatte er schon hinter sich, so dass er 2008 schon erste Turniere mit Rathsberg 1 laufen konnte. Auch f\u00fcr unsere Einzelvoltis war er immer wieder ein verl\u00e4sslicher Partner. H\u00f6hepunkt seiner Karriere war die Teilnahme an den Deutschen Meisterschaften im Einzel-Wettbewerb 2009. Aber auch mit der ersten Mannschaft konnte er einige fr\u00e4nkische Meisterschaften gewinnen und mehrfach an den Bayrischen Meisterschaften teilnehmen. 2015 und 2016 lief er dann f\u00fcr Rathsberg 3 und verhalf den M\u00e4dchen zum Aufstieg nach L und vielen weiteren tollen gemeinsamen Erfahrungen. Nach dem L-Cup in Weicht wurde es ruhiger f\u00fcr ihn und er lief nur noch f\u00fcr die Nachwuchsgruppen unseres Vereins. In all der Zeit bei uns zeichnete Deister sich vor allem durch sein besonders ruhiges und verl\u00e4ssliches Wesen aus. Ein Pferd, was immer umg\u00e4nglich und selbstbewusst war, niemals Angst zeigte. Man konnte sich immer 100 % auf ihn verlassen. Er gab allen Voltis und Reitern eine wahnsinnige Sicherheit.<br \/>\nLeider waren seine Verdauungsprobleme immer ein Thema, so dass immer sehr auf seine Ern\u00e4hrung und ausreichende Bewegung geachtet wurde. Jeden Tag bekam er sein hei\u00df geliebtes Mash und wurde gehegt und gepflegt. Leider hatten auch wir es nicht in der Hand. Wir wussten, dass dieser Tag einmal kommen w\u00fcrde und sind doch sehr ersch\u00fcttert, dass dies nun so schnell der Fall war. Aber auch diese Entscheidung hat uns dieses kluge Pferd, unser Professor, abgenommen.<br \/>\nMit seiner ganz besonderen asymmetrischen Blesse, dem kleinen wei\u00dfen Fleck am Hals, seiner lieben Art und den vielen gemeinsamen Jahren wird Deister sicherlich vielen in der Voltiwelt als treues Rathsberg-Pferd in Erinnerung bleiben \u2013 wir werden ihn niemals vergessen!!<\/p>\n<p>Danke Deister f\u00fcr alle die Jahre mit dir, du warst ein so besonderes Pferd, hast uns so viel beigebracht und so viel Freude geschenkt. Mach es gut, du fehlst uns jetzt schon!!<\/p>\n<p>Zum Andenken: <a href=\"http:\/\/www.voltigieren-rathsberg.de\/wp\/portfolio-items\/deister\/\">Deister-Album<\/a><\/p>\n","protected":false},"excerpt":{"rendered":"<p>ir melden uns heute mit einer sehr traurigen Nachricht. Am 11.10.2017 ist leider unser treuer Deister in den Pferdehimmel galoppiert. Nachdem er in letzter Zeit eine Hufentz\u00fcndung auskurieren musste, bekam er am Nachmittag des 10.10. eine leichte Kolik. Nach Rufen des Tierarztes und viel Pflege ging es ihm dann am sp\u00e4ten Abend wieder besser, er [&hellip;]<\/p>\n","protected":false},"author":1,"featured_media":7536,"comment_status":"closed","ping_status":"open","sticky":false,"template":"","format":"standard","meta":{"_acf_changed":false,"_bbp_topic_count":0,"_bbp_reply_count":0,"_bbp_total_topic_count":0,"_bbp_total_reply_count":0,"_bbp_voice_count":0,"_bbp_anonymous_reply_count":0,"_bbp_topic_count_hidden":0,"_bbp_reply_count_hidden":0,"_bbp_forum_subforum_count":0,"footnotes":""},"categories":[1,6],"tags":[140],"class_list":["post-7533","post","type-post","status-publish","format-standard","has-post-thumbnail","hentry","category-allgemein","category-verein","tag-deister"],"acf":[],"yoast_head":"<!-- This site is optimized with the Yoast SEO plugin v24.4 - https:\/\/yoast.com\/wordpress\/plugins\/seo\/ -->\n<title>Deister \u2020 11.10.2017 - VuPSV Schloss Rathsberg-Erlangen e.V.<\/title>\n<meta name=\"robots\" content=\"index, follow, max-snippet:-1, max-image-preview:large, max-video-preview:-1\" \/>\n<link rel=\"canonical\" href=\"http:\/\/www.voltigieren-rathsberg.de\/wp\/deister-\u2020-11-10-2017\/\" \/>\n<meta property=\"og:locale\" content=\"de_DE\" \/>\n<meta property=\"og:type\" content=\"article\" \/>\n<meta property=\"og:title\" content=\"Deister \u2020 11.10.2017 - VuPSV Schloss Rathsberg-Erlangen e.V.\" \/>\n<meta property=\"og:description\" content=\"ir melden uns heute mit einer sehr traurigen Nachricht. Am 11.10.2017 ist leider unser treuer Deister in den Pferdehimmel galoppiert. Nachdem er in letzter Zeit eine Hufentz\u00fcndung auskurieren musste, bekam er am Nachmittag des 10.10. eine leichte Kolik. Nach Rufen des Tierarztes und viel Pflege ging es ihm dann am sp\u00e4ten Abend wieder besser, er [&hellip;]\" \/>\n<meta property=\"og:url\" content=\"http:\/\/www.voltigieren-rathsberg.de\/wp\/deister-\u2020-11-10-2017\/\" \/>\n<meta property=\"og:site_name\" content=\"VuPSV Schloss Rathsberg-Erlangen e.V.\" \/>\n<meta property=\"article:published_time\" content=\"2017-10-19T22:52:18+00:00\" \/>\n<meta property=\"article:modified_time\" content=\"2017-10-22T11:05:24+00:00\" \/>\n<meta property=\"og:image\" content=\"http:\/\/www.voltigieren-rathsberg.de\/wp\/wp-content\/uploads\/2017\/10\/news_2017_10_20_Deister_1.jpg\" \/>\n\t<meta property=\"og:image:width\" content=\"2136\" \/>\n\t<meta property=\"og:image:height\" content=\"2848\" \/>\n\t<meta property=\"og:image:type\" content=\"image\/jpeg\" \/>\n<meta name=\"author\" content=\"Voltigieren-Rathsberg\" \/>\n<meta name=\"twitter:card\" content=\"summary_large_image\" \/>\n<meta name=\"twitter:label1\" content=\"Verfasst von\" \/>\n\t<meta name=\"twitter:data1\" content=\"Voltigieren-Rathsberg\" \/>\n\t<meta name=\"twitter:label2\" content=\"Gesch\u00e4tzte Lesezeit\" \/>\n\t<meta name=\"twitter:data2\" content=\"2\u00a0Minuten\" \/>\n<script type=\"application\/ld+json\" class=\"yoast-schema-graph\">{\"@context\":\"https:\/\/schema.org\",\"@graph\":[{\"@type\":\"WebPage\",\"@id\":\"http:\/\/www.voltigieren-rathsberg.de\/wp\/deister-%e2%80%a0-11-10-2017\/\",\"url\":\"http:\/\/www.voltigieren-rathsberg.de\/wp\/deister-%e2%80%a0-11-10-2017\/\",\"name\":\"Deister \u2020 11.10.2017 - VuPSV Schloss Rathsberg-Erlangen e.V.\",\"isPartOf\":{\"@id\":\"https:\/\/www.voltigieren-rathsberg.de\/wp\/#website\"},\"primaryImageOfPage\":{\"@id\":\"http:\/\/www.voltigieren-rathsberg.de\/wp\/deister-%e2%80%a0-11-10-2017\/#primaryimage\"},\"image\":{\"@id\":\"http:\/\/www.voltigieren-rathsberg.de\/wp\/deister-%e2%80%a0-11-10-2017\/#primaryimage\"},\"thumbnailUrl\":\"https:\/\/www.voltigieren-rathsberg.de\/wp\/wp-content\/uploads\/2017\/10\/news_2017_10_20_Deister_1.jpg\",\"datePublished\":\"2017-10-19T22:52:18+00:00\",\"dateModified\":\"2017-10-22T11:05:24+00:00\",\"author\":{\"@id\":\"https:\/\/www.voltigieren-rathsberg.de\/wp\/#\/schema\/person\/4c8644488dfab2c1cf330ef45907db55\"},\"breadcrumb\":{\"@id\":\"http:\/\/www.voltigieren-rathsberg.de\/wp\/deister-%e2%80%a0-11-10-2017\/#breadcrumb\"},\"inLanguage\":\"de\",\"potentialAction\":[{\"@type\":\"ReadAction\",\"target\":[\"http:\/\/www.voltigieren-rathsberg.de\/wp\/deister-%e2%80%a0-11-10-2017\/\"]}]},{\"@type\":\"ImageObject\",\"inLanguage\":\"de\",\"@id\":\"http:\/\/www.voltigieren-rathsberg.de\/wp\/deister-%e2%80%a0-11-10-2017\/#primaryimage\",\"url\":\"https:\/\/www.voltigieren-rathsberg.de\/wp\/wp-content\/uploads\/2017\/10\/news_2017_10_20_Deister_1.jpg\",\"contentUrl\":\"https:\/\/www.voltigieren-rathsberg.de\/wp\/wp-content\/uploads\/2017\/10\/news_2017_10_20_Deister_1.jpg\",\"width\":2136,\"height\":2848},{\"@type\":\"BreadcrumbList\",\"@id\":\"http:\/\/www.voltigieren-rathsberg.de\/wp\/deister-%e2%80%a0-11-10-2017\/#breadcrumb\",\"itemListElement\":[{\"@type\":\"ListItem\",\"position\":1,\"name\":\"Startseite\",\"item\":\"https:\/\/www.voltigieren-rathsberg.de\/wp\/\"},{\"@type\":\"ListItem\",\"position\":2,\"name\":\"Deister \u2020 11.10.2017\"}]},{\"@type\":\"WebSite\",\"@id\":\"https:\/\/www.voltigieren-rathsberg.de\/wp\/#website\",\"url\":\"https:\/\/www.voltigieren-rathsberg.de\/wp\/\",\"name\":\"VuPSV Schloss Rathsberg-Erlangen e.V.\",\"description\":\"Homepage Voltigierverein Rathsberg\",\"potentialAction\":[{\"@type\":\"SearchAction\",\"target\":{\"@type\":\"EntryPoint\",\"urlTemplate\":\"https:\/\/www.voltigieren-rathsberg.de\/wp\/?s={search_term_string}\"},\"query-input\":{\"@type\":\"PropertyValueSpecification\",\"valueRequired\":true,\"valueName\":\"search_term_string\"}}],\"inLanguage\":\"de\"},{\"@type\":\"Person\",\"@id\":\"https:\/\/www.voltigieren-rathsberg.de\/wp\/#\/schema\/person\/4c8644488dfab2c1cf330ef45907db55\",\"name\":\"Voltigieren-Rathsberg\",\"image\":{\"@type\":\"ImageObject\",\"inLanguage\":\"de\",\"@id\":\"https:\/\/www.voltigieren-rathsberg.de\/wp\/#\/schema\/person\/image\/\",\"url\":\"https:\/\/secure.gravatar.com\/avatar\/cb9db1e72418516086ce2f69c95f461b?s=96&d=mm&r=g\",\"contentUrl\":\"https:\/\/secure.gravatar.com\/avatar\/cb9db1e72418516086ce2f69c95f461b?s=96&d=mm&r=g\",\"caption\":\"Voltigieren-Rathsberg\"},\"description\":\"Web-Administrator Voltigieren-Rathsberg\",\"sameAs\":[\"http:\/\/www.voltigieren-rathsberg.de\"],\"url\":\"https:\/\/www.voltigieren-rathsberg.de\/wp\/author\/vradmin\/\"}]}<\/script>\n<!-- \/ Yoast SEO plugin. -->","yoast_head_json":{"title":"Deister \u2020 11.10.2017 - VuPSV Schloss Rathsberg-Erlangen e.V.","robots":{"index":"index","follow":"follow","max-snippet":"max-snippet:-1","max-image-preview":"max-image-preview:large","max-video-preview":"max-video-preview:-1"},"canonical":"http:\/\/www.voltigieren-rathsberg.de\/wp\/deister-\u2020-11-10-2017\/","og_locale":"de_DE","og_type":"article","og_title":"Deister \u2020 11.10.2017 - VuPSV Schloss Rathsberg-Erlangen e.V.","og_description":"ir melden uns heute mit einer sehr traurigen Nachricht. Am 11.10.2017 ist leider unser treuer Deister in den Pferdehimmel galoppiert. Nachdem er in letzter Zeit eine Hufentz\u00fcndung auskurieren musste, bekam er am Nachmittag des 10.10. eine leichte Kolik. Nach Rufen des Tierarztes und viel Pflege ging es ihm dann am sp\u00e4ten Abend wieder besser, er [&hellip;]","og_url":"http:\/\/www.voltigieren-rathsberg.de\/wp\/deister-\u2020-11-10-2017\/","og_site_name":"VuPSV Schloss Rathsberg-Erlangen e.V.","article_published_time":"2017-10-19T22:52:18+00:00","article_modified_time":"2017-10-22T11:05:24+00:00","og_image":[{"width":2136,"height":2848,"url":"http:\/\/www.voltigieren-rathsberg.de\/wp\/wp-content\/uploads\/2017\/10\/news_2017_10_20_Deister_1.jpg","type":"image\/jpeg"}],"author":"Voltigieren-Rathsberg","twitter_card":"summary_large_image","twitter_misc":{"Verfasst von":"Voltigieren-Rathsberg","Gesch\u00e4tzte Lesezeit":"2\u00a0Minuten"},"schema":{"@context":"https:\/\/schema.org","@graph":[{"@type":"WebPage","@id":"http:\/\/www.voltigieren-rathsberg.de\/wp\/deister-%e2%80%a0-11-10-2017\/","url":"http:\/\/www.voltigieren-rathsberg.de\/wp\/deister-%e2%80%a0-11-10-2017\/","name":"Deister \u2020 11.10.2017 - VuPSV Schloss Rathsberg-Erlangen e.V.","isPartOf":{"@id":"https:\/\/www.voltigieren-rathsberg.de\/wp\/#website"},"primaryImageOfPage":{"@id":"http:\/\/www.voltigieren-rathsberg.de\/wp\/deister-%e2%80%a0-11-10-2017\/#primaryimage"},"image":{"@id":"http:\/\/www.voltigieren-rathsberg.de\/wp\/deister-%e2%80%a0-11-10-2017\/#primaryimage"},"thumbnailUrl":"https:\/\/www.voltigieren-rathsberg.de\/wp\/wp-content\/uploads\/2017\/10\/news_2017_10_20_Deister_1.jpg","datePublished":"2017-10-19T22:52:18+00:00","dateModified":"2017-10-22T11:05:24+00:00","author":{"@id":"https:\/\/www.voltigieren-rathsberg.de\/wp\/#\/schema\/person\/4c8644488dfab2c1cf330ef45907db55"},"breadcrumb":{"@id":"http:\/\/www.voltigieren-rathsberg.de\/wp\/deister-%e2%80%a0-11-10-2017\/#breadcrumb"},"inLanguage":"de","potentialAction":[{"@type":"ReadAction","target":["http:\/\/www.voltigieren-rathsberg.de\/wp\/deister-%e2%80%a0-11-10-2017\/"]}]},{"@type":"ImageObject","inLanguage":"de","@id":"http:\/\/www.voltigieren-rathsberg.de\/wp\/deister-%e2%80%a0-11-10-2017\/#primaryimage","url":"https:\/\/www.voltigieren-rathsberg.de\/wp\/wp-content\/uploads\/2017\/10\/news_2017_10_20_Deister_1.jpg","contentUrl":"https:\/\/www.voltigieren-rathsberg.de\/wp\/wp-content\/uploads\/2017\/10\/news_2017_10_20_Deister_1.jpg","width":2136,"height":2848},{"@type":"BreadcrumbList","@id":"http:\/\/www.voltigieren-rathsberg.de\/wp\/deister-%e2%80%a0-11-10-2017\/#breadcrumb","itemListElement":[{"@type":"ListItem","position":1,"name":"Startseite","item":"https:\/\/www.voltigieren-rathsberg.de\/wp\/"},{"@type":"ListItem","position":2,"name":"Deister \u2020 11.10.2017"}]},{"@type":"WebSite","@id":"https:\/\/www.voltigieren-rathsberg.de\/wp\/#website","url":"https:\/\/www.voltigieren-rathsberg.de\/wp\/","name":"VuPSV Schloss Rathsberg-Erlangen e.V.","description":"Homepage Voltigierverein Rathsberg","potentialAction":[{"@type":"SearchAction","target":{"@type":"EntryPoint","urlTemplate":"https:\/\/www.voltigieren-rathsberg.de\/wp\/?s={search_term_string}"},"query-input":{"@type":"PropertyValueSpecification","valueRequired":true,"valueName":"search_term_string"}}],"inLanguage":"de"},{"@type":"Person","@id":"https:\/\/www.voltigieren-rathsberg.de\/wp\/#\/schema\/person\/4c8644488dfab2c1cf330ef45907db55","name":"Voltigieren-Rathsberg","image":{"@type":"ImageObject","inLanguage":"de","@id":"https:\/\/www.voltigieren-rathsberg.de\/wp\/#\/schema\/person\/image\/","url":"https:\/\/secure.gravatar.com\/avatar\/cb9db1e72418516086ce2f69c95f461b?s=96&d=mm&r=g","contentUrl":"https:\/\/secure.gravatar.com\/avatar\/cb9db1e72418516086ce2f69c95f461b?s=96&d=mm&r=g","caption":"Voltigieren-Rathsberg"},"description":"Web-Administrator Voltigieren-Rathsberg","sameAs":["http:\/\/www.voltigieren-rathsberg.de"],"url":"https:\/\/www.voltigieren-rathsberg.de\/wp\/author\/vradmin\/"}]}},"_links":{"self":[{"href":"https:\/\/www.voltigieren-rathsberg.de\/wp\/wp-json\/wp\/v2\/posts\/7533","targetHints":{"allow":["GET"]}}],"collection":[{"href":"https:\/\/www.voltigieren-rathsberg.de\/wp\/wp-json\/wp\/v2\/posts"}],"about":[{"href":"https:\/\/www.voltigieren-rathsberg.de\/wp\/wp-json\/wp\/v2\/types\/post"}],"author":[{"embeddable":true,"href":"https:\/\/www.voltigieren-rathsberg.de\/wp\/wp-json\/wp\/v2\/users\/1"}],"replies":[{"embeddable":true,"href":"https:\/\/www.voltigieren-rathsberg.de\/wp\/wp-json\/wp\/v2\/comments?post=7533"}],"version-history":[{"count":3,"href":"https:\/\/www.voltigieren-rathsberg.de\/wp\/wp-json\/wp\/v2\/posts\/7533\/revisions"}],"predecessor-version":[{"id":7587,"href":"https:\/\/www.voltigieren-rathsberg.de\/wp\/wp-json\/wp\/v2\/posts\/7533\/revisions\/7587"}],"wp:featuredmedia":[{"embeddable":true,"href":"https:\/\/www.voltigieren-rathsberg.de\/wp\/wp-json\/wp\/v2\/media\/7536"}],"wp:attachment":[{"href":"https:\/\/www.voltigieren-rathsberg.de\/wp\/wp-json\/wp\/v2\/media?parent=7533"}],"wp:term":[{"taxonomy":"category","embeddable":true,"href":"https:\/\/www.voltigieren-rathsberg.de\/wp\/wp-json\/wp\/v2\/categories?post=7533"},{"taxonomy":"post_tag","embeddable":true,"href":"https:\/\/www.voltigieren-rathsberg.de\/wp\/wp-json\/wp\/v2\/tags?post=7533"}],"curies":[{"name":"wp","href":"https:\/\/api.w.org\/{rel}","templated":true}]}}