{"id":9867,"date":"2019-04-09T14:38:37","date_gmt":"2019-04-09T12:38:37","guid":{"rendered":"http:\/\/www.voltigieren-rathsberg.de\/wp\/?p=9867"},"modified":"2019-04-29T19:28:23","modified_gmt":"2019-04-29T17:28:23","slug":"voltigierturnier-vaterstetten-23-3-19","status":"publish","type":"post","link":"https:\/\/www.voltigieren-rathsberg.de\/wp\/voltigierturnier-vaterstetten-23-3-19\/","title":{"rendered":"Voltigierturnier Vaterstetten 23.3.19"},"content":{"rendered":"<p><span class=\"fusion-dropcap dropcap\">A<\/span>n dem Samstag in Vaterstetten ging es f\u00fcr Pferd, Longenf\u00fchrer und Voltigierer wieder in aller Fr\u00fche los. Fernando zeigte sich den ganzen Tag von seiner besten Seite und erm\u00f6glicht den M\u00e4dels einen gelungenen Start. Nach einer ordentlichen Pflicht konnte sich Annemie mit einer sehenswert sauberen K\u00fcr mit 7,8 den ersten Platz sichern. Amei landete nach Jannik Liersch auf Platz drei. Nach der Mittagspause ist das M\u00e4use-Doppel gestartet. Trotz eines Sturzes erreichten sie eine Note von 7,0 und den ersten Platz. Insgesamt sind wir mit unseren gezeigten Leistungen zufrieden und konnten einen sonnigen und entspannten Tag verbringen.<br \/>\nFotos: vaulting_photos_lou, Bianca M\u00fcller<\/p>\n","protected":false},"excerpt":{"rendered":"<p>n dem Samstag in Vaterstetten ging es f\u00fcr Pferd, Longenf\u00fchrer und Voltigierer wieder in aller Fr\u00fche los. Fernando zeigte sich den ganzen Tag von seiner besten Seite und erm\u00f6glicht den M\u00e4dels einen gelungenen Start. Nach einer ordentlichen Pflicht konnte sich Annemie mit einer sehenswert sauberen K\u00fcr mit 7,8 den ersten Platz sichern. Amei landete nach [&hellip;]<\/p>\n","protected":false},"author":5,"featured_media":9857,"comment_status":"closed","ping_status":"open","sticky":false,"template":"","format":"standard","meta":{"_acf_changed":false,"_bbp_topic_count":0,"_bbp_reply_count":0,"_bbp_total_topic_count":0,"_bbp_total_reply_count":0,"_bbp_voice_count":0,"_bbp_anonymous_reply_count":0,"_bbp_topic_count_hidden":0,"_bbp_reply_count_hidden":0,"_bbp_forum_subforum_count":0,"footnotes":""},"categories":[107,106,9],"tags":[],"class_list":["post-9867","post","type-post","status-publish","format-standard","has-post-thumbnail","hentry","category-doppel","category-einzel","category-turnier"],"acf":[],"yoast_head":"<!-- This site is optimized with the Yoast SEO plugin v24.4 - https:\/\/yoast.com\/wordpress\/plugins\/seo\/ -->\n<title>Voltigierturnier Vaterstetten 23.3.19 - VuPSV Schloss Rathsberg-Erlangen e.V.<\/title>\n<meta name=\"robots\" content=\"index, follow, max-snippet:-1, max-image-preview:large, max-video-preview:-1\" \/>\n<link rel=\"canonical\" href=\"https:\/\/www.voltigieren-rathsberg.de\/wp\/voltigierturnier-vaterstetten-23-3-19\/\" \/>\n<meta property=\"og:locale\" content=\"de_DE\" \/>\n<meta property=\"og:type\" content=\"article\" \/>\n<meta property=\"og:title\" content=\"Voltigierturnier Vaterstetten 23.3.19 - VuPSV Schloss Rathsberg-Erlangen e.V.\" \/>\n<meta property=\"og:description\" content=\"n dem Samstag in Vaterstetten ging es f\u00fcr Pferd, Longenf\u00fchrer und Voltigierer wieder in aller Fr\u00fche los. Fernando zeigte sich den ganzen Tag von seiner besten Seite und erm\u00f6glicht den M\u00e4dels einen gelungenen Start. Nach einer ordentlichen Pflicht konnte sich Annemie mit einer sehenswert sauberen K\u00fcr mit 7,8 den ersten Platz sichern. Amei landete nach [&hellip;]\" \/>\n<meta property=\"og:url\" content=\"https:\/\/www.voltigieren-rathsberg.de\/wp\/voltigierturnier-vaterstetten-23-3-19\/\" \/>\n<meta property=\"og:site_name\" content=\"VuPSV Schloss Rathsberg-Erlangen e.V.\" \/>\n<meta property=\"article:published_time\" content=\"2019-04-09T12:38:37+00:00\" \/>\n<meta property=\"article:modified_time\" content=\"2019-04-29T17:28:23+00:00\" \/>\n<meta property=\"og:image\" content=\"https:\/\/www.voltigieren-rathsberg.de\/wp\/wp-content\/uploads\/2019\/04\/news_2019_3_16_vaterstetten_Einzeldoppel_1.jpg\" \/>\n\t<meta property=\"og:image:width\" content=\"750\" \/>\n\t<meta property=\"og:image:height\" content=\"745\" \/>\n\t<meta property=\"og:image:type\" content=\"image\/jpeg\" \/>\n<meta name=\"author\" content=\"Leonie Distler\" \/>\n<meta name=\"twitter:card\" content=\"summary_large_image\" \/>\n<meta name=\"twitter:label1\" content=\"Verfasst von\" \/>\n\t<meta name=\"twitter:data1\" content=\"Leonie Distler\" \/>\n\t<meta name=\"twitter:label2\" content=\"Gesch\u00e4tzte Lesezeit\" \/>\n\t<meta name=\"twitter:data2\" content=\"1\u00a0Minute\" \/>\n<script type=\"application\/ld+json\" class=\"yoast-schema-graph\">{\"@context\":\"https:\/\/schema.org\",\"@graph\":[{\"@type\":\"WebPage\",\"@id\":\"https:\/\/www.voltigieren-rathsberg.de\/wp\/voltigierturnier-vaterstetten-23-3-19\/\",\"url\":\"https:\/\/www.voltigieren-rathsberg.de\/wp\/voltigierturnier-vaterstetten-23-3-19\/\",\"name\":\"Voltigierturnier Vaterstetten 23.3.19 - VuPSV Schloss Rathsberg-Erlangen e.V.\",\"isPartOf\":{\"@id\":\"https:\/\/www.voltigieren-rathsberg.de\/wp\/#website\"},\"primaryImageOfPage\":{\"@id\":\"https:\/\/www.voltigieren-rathsberg.de\/wp\/voltigierturnier-vaterstetten-23-3-19\/#primaryimage\"},\"image\":{\"@id\":\"https:\/\/www.voltigieren-rathsberg.de\/wp\/voltigierturnier-vaterstetten-23-3-19\/#primaryimage\"},\"thumbnailUrl\":\"https:\/\/www.voltigieren-rathsberg.de\/wp\/wp-content\/uploads\/2019\/04\/news_2019_3_16_vaterstetten_Einzeldoppel_1.jpg\",\"datePublished\":\"2019-04-09T12:38:37+00:00\",\"dateModified\":\"2019-04-29T17:28:23+00:00\",\"author\":{\"@id\":\"https:\/\/www.voltigieren-rathsberg.de\/wp\/#\/schema\/person\/d0b1dcbe8a291c904f4261b02d096888\"},\"breadcrumb\":{\"@id\":\"https:\/\/www.voltigieren-rathsberg.de\/wp\/voltigierturnier-vaterstetten-23-3-19\/#breadcrumb\"},\"inLanguage\":\"de\",\"potentialAction\":[{\"@type\":\"ReadAction\",\"target\":[\"https:\/\/www.voltigieren-rathsberg.de\/wp\/voltigierturnier-vaterstetten-23-3-19\/\"]}]},{\"@type\":\"ImageObject\",\"inLanguage\":\"de\",\"@id\":\"https:\/\/www.voltigieren-rathsberg.de\/wp\/voltigierturnier-vaterstetten-23-3-19\/#primaryimage\",\"url\":\"https:\/\/www.voltigieren-rathsberg.de\/wp\/wp-content\/uploads\/2019\/04\/news_2019_3_16_vaterstetten_Einzeldoppel_1.jpg\",\"contentUrl\":\"https:\/\/www.voltigieren-rathsberg.de\/wp\/wp-content\/uploads\/2019\/04\/news_2019_3_16_vaterstetten_Einzeldoppel_1.jpg\",\"width\":750,\"height\":745},{\"@type\":\"BreadcrumbList\",\"@id\":\"https:\/\/www.voltigieren-rathsberg.de\/wp\/voltigierturnier-vaterstetten-23-3-19\/#breadcrumb\",\"itemListElement\":[{\"@type\":\"ListItem\",\"position\":1,\"name\":\"Startseite\",\"item\":\"https:\/\/www.voltigieren-rathsberg.de\/wp\/\"},{\"@type\":\"ListItem\",\"position\":2,\"name\":\"Voltigierturnier Vaterstetten 23.3.19\"}]},{\"@type\":\"WebSite\",\"@id\":\"https:\/\/www.voltigieren-rathsberg.de\/wp\/#website\",\"url\":\"https:\/\/www.voltigieren-rathsberg.de\/wp\/\",\"name\":\"VuPSV Schloss Rathsberg-Erlangen e.V.\",\"description\":\"Homepage Voltigierverein Rathsberg\",\"potentialAction\":[{\"@type\":\"SearchAction\",\"target\":{\"@type\":\"EntryPoint\",\"urlTemplate\":\"https:\/\/www.voltigieren-rathsberg.de\/wp\/?s={search_term_string}\"},\"query-input\":{\"@type\":\"PropertyValueSpecification\",\"valueRequired\":true,\"valueName\":\"search_term_string\"}}],\"inLanguage\":\"de\"},{\"@type\":\"Person\",\"@id\":\"https:\/\/www.voltigieren-rathsberg.de\/wp\/#\/schema\/person\/d0b1dcbe8a291c904f4261b02d096888\",\"name\":\"Leonie Distler\",\"image\":{\"@type\":\"ImageObject\",\"inLanguage\":\"de\",\"@id\":\"https:\/\/www.voltigieren-rathsberg.de\/wp\/#\/schema\/person\/image\/\",\"url\":\"https:\/\/secure.gravatar.com\/avatar\/27152fc99e67044affb5cf32913b036a?s=96&d=mm&r=g\",\"contentUrl\":\"https:\/\/secure.gravatar.com\/avatar\/27152fc99e67044affb5cf32913b036a?s=96&d=mm&r=g\",\"caption\":\"Leonie Distler\"},\"sameAs\":[\"http:\/\/www.voltigieren-rathsberg.de\"],\"url\":\"https:\/\/www.voltigieren-rathsberg.de\/wp\/author\/leonie\/\"}]}<\/script>\n<!-- \/ Yoast SEO plugin. -->","yoast_head_json":{"title":"Voltigierturnier Vaterstetten 23.3.19 - VuPSV Schloss Rathsberg-Erlangen e.V.","robots":{"index":"index","follow":"follow","max-snippet":"max-snippet:-1","max-image-preview":"max-image-preview:large","max-video-preview":"max-video-preview:-1"},"canonical":"https:\/\/www.voltigieren-rathsberg.de\/wp\/voltigierturnier-vaterstetten-23-3-19\/","og_locale":"de_DE","og_type":"article","og_title":"Voltigierturnier Vaterstetten 23.3.19 - VuPSV Schloss Rathsberg-Erlangen e.V.","og_description":"n dem Samstag in Vaterstetten ging es f\u00fcr Pferd, Longenf\u00fchrer und Voltigierer wieder in aller Fr\u00fche los. Fernando zeigte sich den ganzen Tag von seiner besten Seite und erm\u00f6glicht den M\u00e4dels einen gelungenen Start. Nach einer ordentlichen Pflicht konnte sich Annemie mit einer sehenswert sauberen K\u00fcr mit 7,8 den ersten Platz sichern. Amei landete nach [&hellip;]","og_url":"https:\/\/www.voltigieren-rathsberg.de\/wp\/voltigierturnier-vaterstetten-23-3-19\/","og_site_name":"VuPSV Schloss Rathsberg-Erlangen e.V.","article_published_time":"2019-04-09T12:38:37+00:00","article_modified_time":"2019-04-29T17:28:23+00:00","og_image":[{"width":750,"height":745,"url":"https:\/\/www.voltigieren-rathsberg.de\/wp\/wp-content\/uploads\/2019\/04\/news_2019_3_16_vaterstetten_Einzeldoppel_1.jpg","type":"image\/jpeg"}],"author":"Leonie Distler","twitter_card":"summary_large_image","twitter_misc":{"Verfasst von":"Leonie Distler","Gesch\u00e4tzte Lesezeit":"1\u00a0Minute"},"schema":{"@context":"https:\/\/schema.org","@graph":[{"@type":"WebPage","@id":"https:\/\/www.voltigieren-rathsberg.de\/wp\/voltigierturnier-vaterstetten-23-3-19\/","url":"https:\/\/www.voltigieren-rathsberg.de\/wp\/voltigierturnier-vaterstetten-23-3-19\/","name":"Voltigierturnier Vaterstetten 23.3.19 - VuPSV Schloss Rathsberg-Erlangen e.V.","isPartOf":{"@id":"https:\/\/www.voltigieren-rathsberg.de\/wp\/#website"},"primaryImageOfPage":{"@id":"https:\/\/www.voltigieren-rathsberg.de\/wp\/voltigierturnier-vaterstetten-23-3-19\/#primaryimage"},"image":{"@id":"https:\/\/www.voltigieren-rathsberg.de\/wp\/voltigierturnier-vaterstetten-23-3-19\/#primaryimage"},"thumbnailUrl":"https:\/\/www.voltigieren-rathsberg.de\/wp\/wp-content\/uploads\/2019\/04\/news_2019_3_16_vaterstetten_Einzeldoppel_1.jpg","datePublished":"2019-04-09T12:38:37+00:00","dateModified":"2019-04-29T17:28:23+00:00","author":{"@id":"https:\/\/www.voltigieren-rathsberg.de\/wp\/#\/schema\/person\/d0b1dcbe8a291c904f4261b02d096888"},"breadcrumb":{"@id":"https:\/\/www.voltigieren-rathsberg.de\/wp\/voltigierturnier-vaterstetten-23-3-19\/#breadcrumb"},"inLanguage":"de","potentialAction":[{"@type":"ReadAction","target":["https:\/\/www.voltigieren-rathsberg.de\/wp\/voltigierturnier-vaterstetten-23-3-19\/"]}]},{"@type":"ImageObject","inLanguage":"de","@id":"https:\/\/www.voltigieren-rathsberg.de\/wp\/voltigierturnier-vaterstetten-23-3-19\/#primaryimage","url":"https:\/\/www.voltigieren-rathsberg.de\/wp\/wp-content\/uploads\/2019\/04\/news_2019_3_16_vaterstetten_Einzeldoppel_1.jpg","contentUrl":"https:\/\/www.voltigieren-rathsberg.de\/wp\/wp-content\/uploads\/2019\/04\/news_2019_3_16_vaterstetten_Einzeldoppel_1.jpg","width":750,"height":745},{"@type":"BreadcrumbList","@id":"https:\/\/www.voltigieren-rathsberg.de\/wp\/voltigierturnier-vaterstetten-23-3-19\/#breadcrumb","itemListElement":[{"@type":"ListItem","position":1,"name":"Startseite","item":"https:\/\/www.voltigieren-rathsberg.de\/wp\/"},{"@type":"ListItem","position":2,"name":"Voltigierturnier Vaterstetten 23.3.19"}]},{"@type":"WebSite","@id":"https:\/\/www.voltigieren-rathsberg.de\/wp\/#website","url":"https:\/\/www.voltigieren-rathsberg.de\/wp\/","name":"VuPSV Schloss Rathsberg-Erlangen e.V.","description":"Homepage Voltigierverein Rathsberg","potentialAction":[{"@type":"SearchAction","target":{"@type":"EntryPoint","urlTemplate":"https:\/\/www.voltigieren-rathsberg.de\/wp\/?s={search_term_string}"},"query-input":{"@type":"PropertyValueSpecification","valueRequired":true,"valueName":"search_term_string"}}],"inLanguage":"de"},{"@type":"Person","@id":"https:\/\/www.voltigieren-rathsberg.de\/wp\/#\/schema\/person\/d0b1dcbe8a291c904f4261b02d096888","name":"Leonie Distler","image":{"@type":"ImageObject","inLanguage":"de","@id":"https:\/\/www.voltigieren-rathsberg.de\/wp\/#\/schema\/person\/image\/","url":"https:\/\/secure.gravatar.com\/avatar\/27152fc99e67044affb5cf32913b036a?s=96&d=mm&r=g","contentUrl":"https:\/\/secure.gravatar.com\/avatar\/27152fc99e67044affb5cf32913b036a?s=96&d=mm&r=g","caption":"Leonie Distler"},"sameAs":["http:\/\/www.voltigieren-rathsberg.de"],"url":"https:\/\/www.voltigieren-rathsberg.de\/wp\/author\/leonie\/"}]}},"_links":{"self":[{"href":"https:\/\/www.voltigieren-rathsberg.de\/wp\/wp-json\/wp\/v2\/posts\/9867","targetHints":{"allow":["GET"]}}],"collection":[{"href":"https:\/\/www.voltigieren-rathsberg.de\/wp\/wp-json\/wp\/v2\/posts"}],"about":[{"href":"https:\/\/www.voltigieren-rathsberg.de\/wp\/wp-json\/wp\/v2\/types\/post"}],"author":[{"embeddable":true,"href":"https:\/\/www.voltigieren-rathsberg.de\/wp\/wp-json\/wp\/v2\/users\/5"}],"replies":[{"embeddable":true,"href":"https:\/\/www.voltigieren-rathsberg.de\/wp\/wp-json\/wp\/v2\/comments?post=9867"}],"version-history":[{"count":3,"href":"https:\/\/www.voltigieren-rathsberg.de\/wp\/wp-json\/wp\/v2\/posts\/9867\/revisions"}],"predecessor-version":[{"id":9875,"href":"https:\/\/www.voltigieren-rathsberg.de\/wp\/wp-json\/wp\/v2\/posts\/9867\/revisions\/9875"}],"wp:featuredmedia":[{"embeddable":true,"href":"https:\/\/www.voltigieren-rathsberg.de\/wp\/wp-json\/wp\/v2\/media\/9857"}],"wp:attachment":[{"href":"https:\/\/www.voltigieren-rathsberg.de\/wp\/wp-json\/wp\/v2\/media?parent=9867"}],"wp:term":[{"taxonomy":"category","embeddable":true,"href":"https:\/\/www.voltigieren-rathsberg.de\/wp\/wp-json\/wp\/v2\/categories?post=9867"},{"taxonomy":"post_tag","embeddable":true,"href":"https:\/\/www.voltigieren-rathsberg.de\/wp\/wp-json\/wp\/v2\/tags?post=9867"}],"curies":[{"name":"wp","href":"https:\/\/api.w.org\/{rel}","templated":true}]}}